{"id":3849,"date":"2023-02-24T19:42:55","date_gmt":"2023-02-24T19:42:55","guid":{"rendered":"https:\/\/climatescience2030.com\/changement-climatique-et-biodiversite\/"},"modified":"2023-03-23T16:21:25","modified_gmt":"2023-03-23T16:21:25","slug":"changement-climatique-et-biodiversite","status":"publish","type":"post","link":"https:\/\/climatescience2030.com\/fr\/changement-climatique-et-biodiversite\/","title":{"rendered":"Changement climatique et biodiversit\u00e9"},"content":{"rendered":"[vc_row type=&#8221;in_container&#8221; full_screen_row_position=&#8221;middle&#8221; column_margin=&#8221;none&#8221; column_direction=&#8221;default&#8221; column_direction_tablet=&#8221;default&#8221; column_direction_phone=&#8221;default&#8221; bg_image=&#8221;1514&#8243; bg_position=&#8221;center center&#8221; background_image_loading=&#8221;lazy-load&#8221; bg_repeat=&#8221;no-repeat&#8221; scene_position=&#8221;center&#8221; top_padding=&#8221;12%&#8221; constrain_group_1=&#8221;yes&#8221; bottom_padding=&#8221;12%&#8221; text_color=&#8221;light&#8221; text_align=&#8221;center&#8221; row_border_radius=&#8221;none&#8221; row_border_radius_applies=&#8221;bg&#8221; overflow=&#8221;visible&#8221; id=&#8221;culture&#8221; overlay_strength=&#8221;0.3&#8243; gradient_direction=&#8221;left_to_right&#8221; shape_divider_position=&#8221;bottom&#8221; bg_image_animation=&#8221;none&#8221; gradient_type=&#8221;default&#8221; shape_type=&#8221;&#8221;][vc_column constrain_group_100=&#8221;yes&#8221; constrain_group_101=&#8221;yes&#8221; column_element_direction_desktop=&#8221;default&#8221; column_element_spacing=&#8221;default&#8221; desktop_text_alignment=&#8221;default&#8221; tablet_text_alignment=&#8221;default&#8221; phone_text_alignment=&#8221;default&#8221; background_color_opacity=&#8221;1&#8243; background_hover_color_opacity=&#8221;1&#8243; column_backdrop_filter=&#8221;none&#8221; column_shadow=&#8221;none&#8221; column_border_radius=&#8221;none&#8221; column_link_target=&#8221;_self&#8221; column_position=&#8221;default&#8221; gradient_direction=&#8221;left_to_right&#8221; overlay_strength=&#8221;0.3&#8243; width=&#8221;1\/1&#8243; tablet_width_inherit=&#8221;default&#8221; animation_type=&#8221;default&#8221; bg_image_animation=&#8221;none&#8221; border_type=&#8221;simple&#8221; column_border_width=&#8221;none&#8221; column_border_style=&#8221;solid&#8221; column_padding_type=&#8221;advanced&#8221; gradient_type=&#8221;default&#8221;][nectar_highlighted_text color_type=&#8221;regular&#8221; highlight_color=&#8221;#cddb23&#8243; text_color=&#8221;#000000&#8243; style=&#8221;full_text&#8221; highlight_expansion=&#8221;default&#8221;]\n<h1><em><strong>Changement climatique et biodiversit\u00e9<\/strong><\/em><\/h1>\n[\/nectar_highlighted_text][\/vc_column][\/vc_row][vc_row type=&#8221;in_container&#8221; full_screen_row_position=&#8221;middle&#8221; column_margin=&#8221;default&#8221; column_direction=&#8221;default&#8221; column_direction_tablet=&#8221;default&#8221; column_direction_phone=&#8221;default&#8221; scene_position=&#8221;center&#8221; top_padding=&#8221;6%&#8221; bottom_padding=&#8221;3%&#8221; left_padding_desktop=&#8221;18%&#8221; constrain_group_2=&#8221;yes&#8221; right_padding_desktop=&#8221;18%&#8221; left_padding_tablet=&#8221;0&#8243; constrain_group_4=&#8221;yes&#8221; right_padding_tablet=&#8221;0&#8243; left_padding_phone=&#8221;0&#8243; right_padding_phone=&#8221;0&#8243; text_color=&#8221;dark&#8221; text_align=&#8221;left&#8221; row_border_radius=&#8221;none&#8221; row_border_radius_applies=&#8221;bg&#8221; overflow=&#8221;visible&#8221; overlay_strength=&#8221;0.3&#8243; gradient_direction=&#8221;left_to_right&#8221; shape_divider_position=&#8221;bottom&#8221; bg_image_animation=&#8221;none&#8221; gradient_type=&#8221;default&#8221; shape_type=&#8221;&#8221;][vc_column column_padding=&#8221;no-extra-padding&#8221; column_padding_tablet=&#8221;inherit&#8221; column_padding_phone=&#8221;inherit&#8221; column_padding_position=&#8221;all&#8221; column_element_direction_desktop=&#8221;default&#8221; column_element_spacing=&#8221;default&#8221; desktop_text_alignment=&#8221;default&#8221; tablet_text_alignment=&#8221;default&#8221; phone_text_alignment=&#8221;default&#8221; background_color_opacity=&#8221;1&#8243; background_hover_color_opacity=&#8221;1&#8243; column_backdrop_filter=&#8221;none&#8221; column_shadow=&#8221;none&#8221; column_border_radius=&#8221;none&#8221; column_link_target=&#8221;_self&#8221; column_position=&#8221;default&#8221; gradient_direction=&#8221;left_to_right&#8221; overlay_strength=&#8221;0.3&#8243; width=&#8221;1\/1&#8243; tablet_width_inherit=&#8221;default&#8221; animation_type=&#8221;default&#8221; bg_image_animation=&#8221;none&#8221; border_type=&#8221;simple&#8221; column_border_width=&#8221;none&#8221; column_border_style=&#8221;solid&#8221;][vc_column_text]\n<h2>Le changement climatique et la perte de biodiversit\u00e9 figurent parmi les plus importants d\u00e9fis auxquels nous sommes confront\u00e9s, et ils interagissent de bien des fa\u00e7ons.<\/h2>\n[\/vc_column_text][\/vc_column][\/vc_row][vc_row type=&#8221;in_container&#8221; full_screen_row_position=&#8221;middle&#8221; column_margin=&#8221;default&#8221; column_direction=&#8221;default&#8221; column_direction_tablet=&#8221;default&#8221; column_direction_phone=&#8221;default&#8221; scene_position=&#8221;center&#8221; bottom_padding=&#8221;6%&#8221; left_padding_desktop=&#8221;18%&#8221; constrain_group_2=&#8221;yes&#8221; right_padding_desktop=&#8221;18%&#8221; left_padding_tablet=&#8221;0&#8243; constrain_group_4=&#8221;yes&#8221; right_padding_tablet=&#8221;0&#8243; left_padding_phone=&#8221;0&#8243; right_padding_phone=&#8221;0&#8243; text_color=&#8221;dark&#8221; text_align=&#8221;left&#8221; row_border_radius=&#8221;none&#8221; row_border_radius_applies=&#8221;bg&#8221; overflow=&#8221;visible&#8221; overlay_strength=&#8221;0.3&#8243; gradient_direction=&#8221;left_to_right&#8221; shape_divider_position=&#8221;bottom&#8221; bg_image_animation=&#8221;none&#8221; gradient_type=&#8221;default&#8221; shape_type=&#8221;&#8221;][vc_column column_padding=&#8221;no-extra-padding&#8221; column_padding_tablet=&#8221;inherit&#8221; column_padding_phone=&#8221;inherit&#8221; column_padding_position=&#8221;all&#8221; column_element_direction_desktop=&#8221;default&#8221; column_element_spacing=&#8221;default&#8221; desktop_text_alignment=&#8221;default&#8221; tablet_text_alignment=&#8221;default&#8221; phone_text_alignment=&#8221;default&#8221; background_color_opacity=&#8221;1&#8243; background_hover_color_opacity=&#8221;1&#8243; column_backdrop_filter=&#8221;none&#8221; column_shadow=&#8221;none&#8221; column_border_radius=&#8221;none&#8221; column_link_target=&#8221;_self&#8221; column_position=&#8221;default&#8221; gradient_direction=&#8221;left_to_right&#8221; overlay_strength=&#8221;0.3&#8243; width=&#8221;1\/1&#8243; tablet_width_inherit=&#8221;default&#8221; animation_type=&#8221;default&#8221; bg_image_animation=&#8221;none&#8221; border_type=&#8221;simple&#8221; column_border_width=&#8221;none&#8221; column_border_style=&#8221;solid&#8221;][vc_column_text]<span style=\"font-weight: 400;\">Bien que la vie sur Terre ait toujours \u00e9t\u00e9 caract\u00e9ris\u00e9e par le changement du climat, la stabilit\u00e9 relative des derniers mill\u00e9naires a cr\u00e9\u00e9 des conditions favorables pour la faune, la flore et les civilisations humaines. Les plantes et les animaux se sont largement adapt\u00e9s \u00e0 des temp\u00e9ratures sp\u00e9cifiques et \u00e0 la disponibilit\u00e9 de l\u2019eau. Or, comme ces conditions \u00e9voluent rapidement \u00e0 cause du r\u00e9chauffement, nombre d\u2019esp\u00e8ces ne seront pas en mesure de s\u2019adapter \u00e0 temps. Certaines esp\u00e8ces, en particulier celles des r\u00e9gions polaires et montagneuses, n\u2019ont aucune possibilit\u00e9 d\u2019\u00e9chapper \u00e0 la mont\u00e9e des temp\u00e9ratures et risquent de dispara\u00eetre. De plus, la modification des signaux climatiques, le printemps qui arrive en avance par exemple, perturbe les activit\u00e9s saisonni\u00e8res, comme la floraison ou la reproduction. Ces perturbations s\u2019accompagnent elles-m\u00eames de r\u00e9percussions sur la cha\u00eene alimentaire et les \u00e9cosyst\u00e8mes.<\/span><\/p>\n<p><span style=\"font-weight: 400;\">Les feux de for\u00eat, les vagues de chaleur et d\u2019autres ph\u00e9nom\u00e8nes m\u00e9t\u00e9orologiques extr\u00eames d\u00e9truisent des \u00e9cosyst\u00e8mes tout entiers, que ce soit sur terre ou en mer. L\u2019intensit\u00e9 et la fr\u00e9quence de ces ph\u00e9nom\u00e8nes ne cessent de s\u2019amplifier, et il devient de plus en plus difficile de s\u2019en remettre. La tension induite par le changement climatique, aussi importante que chronique, ne fait qu\u2019aggraver d\u2019autres risques, notamment issus de l\u2019abattage de for\u00eats, de la pollution de l\u2019air, de l\u2019eau et des sols, de la chasse et de la p\u00eache excessives ou de la prolif\u00e9ration des esp\u00e8ces invasives.<\/span><\/p>\n<p><span style=\"font-weight: 400;\">La nature a par ailleurs toujours jou\u00e9 un r\u00f4le essentiel lorsqu\u2019il s\u2019agit de r\u00e9duire la pression sur le climat mondial d\u2019origine humaine. Plus de la moiti\u00e9 de toutes les \u00e9missions de CO2 issues de notre activit\u00e9 est captur\u00e9e par les plantes gr\u00e2ce \u00e0 la photosynth\u00e8se. Elles sont ensuite temporairement stock\u00e9es dans la biomasse vivante et morte, ou dissoutes dans l\u2019oc\u00e9an. Les organismes vivants influencent aussi les param\u00e8tres physiques du syst\u00e8me climatique, comme la r\u00e9flectivit\u00e9 des surfaces ou la formation des nuages et de la poussi\u00e8re dans l\u2019atmosph\u00e8re. <\/span><\/p>\n<p><span style=\"font-weight: 400;\">La pr\u00e9sence d\u2019\u00e9cosyst\u00e8mes vari\u00e9s et en bonne sant\u00e9 peut donc nous aider \u00e0 survivre aux cons\u00e9quences climatiques comme les ph\u00e9nom\u00e8nes m\u00e9t\u00e9orologiques extr\u00eames. Par exemple, quand elles sont intactes, les for\u00eats retiennent l\u2019eau de pluie et r\u00e9duisent l\u2019ampleur des dommages provoqu\u00e9s par les inondations. Les zones humides c\u00f4ti\u00e8res, quant \u00e0 elles, pr\u00e9viennent l\u2019\u00e9rosion et les inondations engendr\u00e9es par l\u2019\u00e9l\u00e9vation du niveau de la mer. Les \u00e9cosyst\u00e8mes peuvent aussi nous aider \u00e0 nous adapter \u00e0 l\u2019\u00e9volution du climat, \u00e0 subvenir \u00e0 nos besoins et cr\u00e9er des solutions durables pour l\u2019alimentation et l\u2019\u00e9nergie de chaque communaut\u00e9.<\/span><\/p>\n<p><span style=\"font-weight: 400;\">Malgr\u00e9 toute son importance, prot\u00e9ger la biodiversit\u00e9 contre le changement climatique ne se r\u00e9sume pas qu\u2019\u00e0 pr\u00e9server de magnifiques \u00eatres vivants. Sans les r\u00e9cifs coralliens, aujourd\u2019hui menac\u00e9s par des vagues de chaleur marines de plus en plus fr\u00e9quentes, un grand nombre de p\u00eacheurs ne pourront plus vivre de leur travail. Les for\u00eats d\u00e9tiennent une valeur \u00e9conomique et culturelle pour de multiples communaut\u00e9s locales. De plus, le r\u00e9chauffement et la d\u00e9gradation environnementale actuels nuisent gravement \u00e0 la capacit\u00e9 de stockage du carbone des \u00e9cosyst\u00e8mes naturels. Tout risque donc d\u2019aller de mal en pis, car la probabilit\u00e9 d\u2019apparition de boucles de r\u00e9troaction s\u2019accro\u00eet.<\/span><\/p>\n<p><span style=\"font-weight: 400;\">Le GIEC et l\u2019IPBES (la Plateforme intergouvernementale scientifique et politique sur la biodiversit\u00e9 et les services \u00e9cosyst\u00e9miques) ont conclu que la perte de biodiversit\u00e9 et le changement climatique sont des menaces indissociables, auxquelles l\u2019humanit\u00e9 doit formuler une r\u00e9ponse commune. Si nous \u00e9chouons, nous subirons des pertes et dommages irr\u00e9versibles. Mais si nous r\u00e9ussissons, les bienfaits sur notre sant\u00e9 et notre qualit\u00e9 de vie seront palpables. <\/span>[\/vc_column_text][\/vc_column][\/vc_row][vc_row type=&#8221;in_container&#8221; full_screen_row_position=&#8221;middle&#8221; column_margin=&#8221;default&#8221; column_direction=&#8221;default&#8221; column_direction_tablet=&#8221;default&#8221; column_direction_phone=&#8221;default&#8221; scene_position=&#8221;center&#8221; bottom_padding=&#8221;3%&#8221; left_padding_desktop=&#8221;6%&#8221; right_padding_desktop=&#8221;18%&#8221; left_padding_tablet=&#8221;0&#8243; constrain_group_4=&#8221;yes&#8221; right_padding_tablet=&#8221;0&#8243; left_padding_phone=&#8221;0&#8243; right_padding_phone=&#8221;0&#8243; text_color=&#8221;dark&#8221; text_align=&#8221;left&#8221; row_border_radius=&#8221;none&#8221; row_border_radius_applies=&#8221;bg&#8221; overflow=&#8221;visible&#8221; overlay_strength=&#8221;0.3&#8243; gradient_direction=&#8221;left_to_right&#8221; shape_divider_position=&#8221;bottom&#8221; bg_image_animation=&#8221;none&#8221; gradient_type=&#8221;default&#8221; shape_type=&#8221;&#8221;][vc_column column_padding=&#8221;no-extra-padding&#8221; column_padding_tablet=&#8221;inherit&#8221; column_padding_phone=&#8221;inherit&#8221; column_padding_position=&#8221;all&#8221; column_element_direction_desktop=&#8221;default&#8221; column_element_spacing=&#8221;default&#8221; desktop_text_alignment=&#8221;default&#8221; tablet_text_alignment=&#8221;default&#8221; phone_text_alignment=&#8221;default&#8221; background_color_opacity=&#8221;1&#8243; background_hover_color_opacity=&#8221;1&#8243; column_backdrop_filter=&#8221;none&#8221; column_shadow=&#8221;none&#8221; column_border_radius=&#8221;none&#8221; column_link_target=&#8221;_self&#8221; column_position=&#8221;default&#8221; gradient_direction=&#8221;left_to_right&#8221; overlay_strength=&#8221;0.3&#8243; width=&#8221;1\/1&#8243; tablet_width_inherit=&#8221;default&#8221; animation_type=&#8221;default&#8221; bg_image_animation=&#8221;none&#8221; border_type=&#8221;simple&#8221; column_border_width=&#8221;none&#8221; column_border_style=&#8221;solid&#8221;][vc_column_text]\n<h2><b>Quelles sont les cons\u00e9quences du r\u00e9chauffement projet\u00e9 pour la biodiversit\u00e9 ? <\/b><\/h2>\n[\/vc_column_text][\/vc_column][\/vc_row][vc_row type=&#8221;in_container&#8221; full_screen_row_position=&#8221;middle&#8221; column_margin=&#8221;default&#8221; column_direction=&#8221;default&#8221; column_direction_tablet=&#8221;default&#8221; column_direction_phone=&#8221;default&#8221; scene_position=&#8221;center&#8221; bottom_padding=&#8221;6%&#8221; left_padding_desktop=&#8221;40%&#8221; right_padding_desktop=&#8221;18%&#8221; left_padding_tablet=&#8221;0&#8243; constrain_group_4=&#8221;yes&#8221; right_padding_tablet=&#8221;0&#8243; left_padding_phone=&#8221;0&#8243; right_padding_phone=&#8221;0&#8243; text_color=&#8221;dark&#8221; text_align=&#8221;left&#8221; row_border_radius=&#8221;none&#8221; row_border_radius_applies=&#8221;bg&#8221; overflow=&#8221;visible&#8221; overlay_strength=&#8221;0.3&#8243; gradient_direction=&#8221;left_to_right&#8221; shape_divider_position=&#8221;bottom&#8221; bg_image_animation=&#8221;none&#8221; gradient_type=&#8221;default&#8221; shape_type=&#8221;&#8221;][vc_column column_padding=&#8221;no-extra-padding&#8221; column_padding_tablet=&#8221;inherit&#8221; column_padding_phone=&#8221;inherit&#8221; column_padding_position=&#8221;all&#8221; column_element_direction_desktop=&#8221;default&#8221; column_element_spacing=&#8221;default&#8221; desktop_text_alignment=&#8221;default&#8221; tablet_text_alignment=&#8221;default&#8221; phone_text_alignment=&#8221;default&#8221; background_color_opacity=&#8221;1&#8243; background_hover_color_opacity=&#8221;1&#8243; column_backdrop_filter=&#8221;none&#8221; column_shadow=&#8221;none&#8221; column_border_radius=&#8221;none&#8221; column_link_target=&#8221;_self&#8221; column_position=&#8221;default&#8221; gradient_direction=&#8221;left_to_right&#8221; overlay_strength=&#8221;0.3&#8243; width=&#8221;1\/1&#8243; tablet_width_inherit=&#8221;default&#8221; animation_type=&#8221;default&#8221; bg_image_animation=&#8221;none&#8221; border_type=&#8221;simple&#8221; column_border_width=&#8221;none&#8221; column_border_style=&#8221;solid&#8221;][vc_column_text]<span style=\"font-weight: 400;\">Le rapport de 2022 du Groupe de travail II du GIEC sur les cons\u00e9quences et l\u2019adaptation d\u00e9taille pr\u00e9cis\u00e9ment ce qui arrivera aux plantes, aux animaux et aux \u00e9cosyst\u00e8mes entiers selon diff\u00e9rents sc\u00e9narios de r\u00e9chauffement. Par exemple, les \u00e9cosyst\u00e8mes marins et c\u00f4tiers, comme les for\u00eats de varech ou les prairies sous-marines, subiront des dommages irr\u00e9versibles, voire seront d\u00e9truits, si la hausse des temp\u00e9ratures d\u00e9passe le seuil de 1,5<\/span><span style=\"font-weight: 400;\">\u00b0<\/span><span style=\"font-weight: 400;\">C. 70 \u00e0 90 % des r\u00e9cifs coralliens risquent de dispara\u00eetre \u00e0 ce niveau de r\u00e9chauffement. \u00c0 2<\/span><span style=\"font-weight: 400;\">\u00b0<\/span><span style=\"font-weight: 400;\">C ce chiffre passe \u00e0 99%. Pour la plupart d\u2019entre eux, les efforts de conservation resteront vains au-del\u00e0 de 1,5<\/span><span style=\"font-weight: 400;\">\u00b0<\/span><span style=\"font-weight: 400;\">C de r\u00e9chauffement. En dehors de l\u2019augmentation de la temp\u00e9rature moyenne, les \u00e9cosyst\u00e8mes oc\u00e9aniques et c\u00f4tiers sont \u00e9galement menac\u00e9s par les vagues de chaleur marines. Or, m\u00eame si nous r\u00e9ussissons \u00e0 limiter le r\u00e9chauffement \u00e0 2<\/span><span style=\"font-weight: 400;\">\u00b0<\/span><span style=\"font-weight: 400;\">C<\/span> celles-ci devraient \u00eatre multipli\u00e9es par 20.[\/vc_column_text][\/vc_column][\/vc_row][vc_row type=&#8221;in_container&#8221; full_screen_row_position=&#8221;middle&#8221; column_margin=&#8221;default&#8221; column_direction=&#8221;default&#8221; column_direction_tablet=&#8221;default&#8221; column_direction_phone=&#8221;default&#8221; scene_position=&#8221;center&#8221; bottom_padding=&#8221;3%&#8221; left_padding_desktop=&#8221;18%&#8221; constrain_group_2=&#8221;yes&#8221; right_padding_desktop=&#8221;18%&#8221; left_padding_tablet=&#8221;0&#8243; constrain_group_4=&#8221;yes&#8221; right_padding_tablet=&#8221;0&#8243; left_padding_phone=&#8221;0&#8243; right_padding_phone=&#8221;0&#8243; text_color=&#8221;dark&#8221; text_align=&#8221;left&#8221; row_border_radius=&#8221;none&#8221; row_border_radius_applies=&#8221;bg&#8221; overflow=&#8221;visible&#8221; overlay_strength=&#8221;0.3&#8243; gradient_direction=&#8221;left_to_right&#8221; shape_divider_position=&#8221;bottom&#8221; bg_image_animation=&#8221;none&#8221; gradient_type=&#8221;default&#8221; shape_type=&#8221;&#8221;][vc_column column_padding=&#8221;no-extra-padding&#8221; column_padding_tablet=&#8221;inherit&#8221; column_padding_phone=&#8221;inherit&#8221; column_padding_position=&#8221;all&#8221; column_element_direction_desktop=&#8221;default&#8221; column_element_spacing=&#8221;default&#8221; desktop_text_alignment=&#8221;default&#8221; tablet_text_alignment=&#8221;default&#8221; phone_text_alignment=&#8221;default&#8221; background_color_opacity=&#8221;1&#8243; background_hover_color_opacity=&#8221;1&#8243; column_backdrop_filter=&#8221;none&#8221; column_shadow=&#8221;none&#8221; column_border_radius=&#8221;none&#8221; column_link_target=&#8221;_self&#8221; column_position=&#8221;default&#8221; gradient_direction=&#8221;left_to_right&#8221; overlay_strength=&#8221;0.3&#8243; width=&#8221;1\/1&#8243; tablet_width_inherit=&#8221;default&#8221; animation_type=&#8221;default&#8221; bg_image_animation=&#8221;none&#8221; border_type=&#8221;simple&#8221; column_border_width=&#8221;none&#8221; column_border_style=&#8221;solid&#8221;][image_with_animation image_url=&#8221;1520&#8243; image_size=&#8221;full&#8221; animation_type=&#8221;entrance&#8221; animation=&#8221;None&#8221; animation_movement_type=&#8221;transform_y&#8221; hover_animation=&#8221;none&#8221; alignment=&#8221;&#8221; border_radius=&#8221;none&#8221; box_shadow=&#8221;none&#8221; image_loading=&#8221;default&#8221; max_width=&#8221;100%&#8221; max_width_mobile=&#8221;default&#8221;][divider line_type=&#8221;No Line&#8221; custom_height=&#8221;10&#8243;][vc_column_text]<span style=\"font-weight: 400;\">Dhana Kencana \/ Climate Visuals<\/span>[\/vc_column_text][\/vc_column][\/vc_row][vc_row type=&#8221;in_container&#8221; full_screen_row_position=&#8221;middle&#8221; column_margin=&#8221;default&#8221; column_direction=&#8221;default&#8221; column_direction_tablet=&#8221;default&#8221; column_direction_phone=&#8221;default&#8221; scene_position=&#8221;center&#8221; bottom_padding=&#8221;6%&#8221; left_padding_desktop=&#8221;40%&#8221; right_padding_desktop=&#8221;18%&#8221; left_padding_tablet=&#8221;0&#8243; constrain_group_4=&#8221;yes&#8221; right_padding_tablet=&#8221;0&#8243; left_padding_phone=&#8221;0&#8243; right_padding_phone=&#8221;0&#8243; text_color=&#8221;dark&#8221; text_align=&#8221;left&#8221; row_border_radius=&#8221;none&#8221; row_border_radius_applies=&#8221;bg&#8221; overflow=&#8221;visible&#8221; overlay_strength=&#8221;0.3&#8243; gradient_direction=&#8221;left_to_right&#8221; shape_divider_position=&#8221;bottom&#8221; bg_image_animation=&#8221;none&#8221; gradient_type=&#8221;default&#8221; shape_type=&#8221;&#8221;][vc_column column_padding=&#8221;no-extra-padding&#8221; column_padding_tablet=&#8221;inherit&#8221; column_padding_phone=&#8221;inherit&#8221; column_padding_position=&#8221;all&#8221; column_element_direction_desktop=&#8221;default&#8221; column_element_spacing=&#8221;default&#8221; desktop_text_alignment=&#8221;default&#8221; tablet_text_alignment=&#8221;default&#8221; phone_text_alignment=&#8221;default&#8221; background_color_opacity=&#8221;1&#8243; background_hover_color_opacity=&#8221;1&#8243; column_backdrop_filter=&#8221;none&#8221; column_shadow=&#8221;none&#8221; column_border_radius=&#8221;none&#8221; column_link_target=&#8221;_self&#8221; column_position=&#8221;default&#8221; gradient_direction=&#8221;left_to_right&#8221; overlay_strength=&#8221;0.3&#8243; width=&#8221;1\/1&#8243; tablet_width_inherit=&#8221;default&#8221; animation_type=&#8221;default&#8221; bg_image_animation=&#8221;none&#8221; border_type=&#8221;simple&#8221; column_border_width=&#8221;none&#8221; column_border_style=&#8221;solid&#8221;][vc_column_text]<span style=\"font-weight: 400;\">Combin\u00e9es, les pressions exerc\u00e9es par le changement climatique et d\u2019autres facteurs environnementaux multiplieront probablement la vitesse d\u2019extinction naturelle des esp\u00e8ces v\u00e9g\u00e9tales et animales par au moins 1 000, que ce soit sur terre ou en mer. Mais ce n\u2019est pas encore grav\u00e9 dans le marbre. Si nous r\u00e9duisons nos \u00e9missions de gaz \u00e0 effet de serre et que nous changeons notre trajectoire climatique, nous pourrons fortement ralentir leur extinction.<\/span><\/p>\n<p><span style=\"font-weight: 400;\">Au-del\u00e0 de l\u2019extinction d\u2019esp\u00e8ces, le changement climatique peut d\u00e9clencher, et d\u00e9clenchera, des modifications fondamentales et irr\u00e9versibles au sein des \u00e9cosyst\u00e8mes. Celles-ci auront \u00e0 leur tour une incidence sur les conditions m\u00e9t\u00e9orologiques locales et acc\u00e9l\u00e9reront le changement climatique. Nous observons d\u00e9j\u00e0, par exemple, une \u00e9volution des biomes, des for\u00eats tropicales \u00e0 la savane. Selon les projections, ces transformations interviendront sur moins de 15 % des terres \u00e9merg\u00e9es si l\u2019augmentation de temp\u00e9rature reste inf\u00e9rieure \u00e0 2<\/span><span style=\"font-weight: 400;\">\u00b0<\/span><span style=\"font-weight: 400;\">C. N\u00e9anmoins, si nous d\u00e9passons ce seuil et que l\u2019augmentation de temp\u00e9rature se rapproche de 4<\/span><span style=\"font-weight: 400;\">\u00b0<\/span><span style=\"font-weight: 400;\">C, plus d\u2019un tiers des terres \u00e9merg\u00e9es de notre plan\u00e8te seront concern\u00e9es. Des modifications environnementales d\u2019une telle ampleur entra\u00eeneront d\u2019importantes r\u00e9percussions sur les moyens de subsistance et le bien-\u00eatre humains, mais aussi sur la biodiversit\u00e9.<\/span>[\/vc_column_text][\/vc_column][\/vc_row][vc_row type=&#8221;in_container&#8221; full_screen_row_position=&#8221;middle&#8221; column_margin=&#8221;default&#8221; column_direction=&#8221;default&#8221; column_direction_tablet=&#8221;default&#8221; column_direction_phone=&#8221;default&#8221; scene_position=&#8221;center&#8221; bottom_padding=&#8221;3%&#8221; left_padding_desktop=&#8221;6%&#8221; right_padding_desktop=&#8221;18%&#8221; left_padding_tablet=&#8221;0&#8243; constrain_group_4=&#8221;yes&#8221; right_padding_tablet=&#8221;0&#8243; left_padding_phone=&#8221;0&#8243; right_padding_phone=&#8221;0&#8243; text_color=&#8221;dark&#8221; text_align=&#8221;left&#8221; row_border_radius=&#8221;none&#8221; row_border_radius_applies=&#8221;bg&#8221; overflow=&#8221;visible&#8221; overlay_strength=&#8221;0.3&#8243; gradient_direction=&#8221;left_to_right&#8221; shape_divider_position=&#8221;bottom&#8221; bg_image_animation=&#8221;none&#8221; gradient_type=&#8221;default&#8221; shape_type=&#8221;&#8221;][vc_column column_padding=&#8221;no-extra-padding&#8221; column_padding_tablet=&#8221;inherit&#8221; column_padding_phone=&#8221;inherit&#8221; column_padding_position=&#8221;all&#8221; column_element_direction_desktop=&#8221;default&#8221; column_element_spacing=&#8221;default&#8221; desktop_text_alignment=&#8221;default&#8221; tablet_text_alignment=&#8221;default&#8221; phone_text_alignment=&#8221;default&#8221; background_color_opacity=&#8221;1&#8243; background_hover_color_opacity=&#8221;1&#8243; column_backdrop_filter=&#8221;none&#8221; column_shadow=&#8221;none&#8221; column_border_radius=&#8221;none&#8221; column_link_target=&#8221;_self&#8221; column_position=&#8221;default&#8221; gradient_direction=&#8221;left_to_right&#8221; overlay_strength=&#8221;0.3&#8243; width=&#8221;1\/1&#8243; tablet_width_inherit=&#8221;default&#8221; animation_type=&#8221;default&#8221; bg_image_animation=&#8221;none&#8221; border_type=&#8221;simple&#8221; column_border_width=&#8221;none&#8221; column_border_style=&#8221;solid&#8221;][vc_column_text]\n<h2><b>Quelles sont les cons\u00e9quences des diff\u00e9rentes solutions pour la biodiversit\u00e9 ?<\/b><\/h2>\n[\/vc_column_text][\/vc_column][\/vc_row][vc_row type=&#8221;in_container&#8221; full_screen_row_position=&#8221;middle&#8221; column_margin=&#8221;default&#8221; column_direction=&#8221;default&#8221; column_direction_tablet=&#8221;default&#8221; column_direction_phone=&#8221;default&#8221; scene_position=&#8221;center&#8221; bottom_padding=&#8221;6%&#8221; left_padding_desktop=&#8221;40%&#8221; right_padding_desktop=&#8221;18%&#8221; left_padding_tablet=&#8221;0&#8243; constrain_group_4=&#8221;yes&#8221; right_padding_tablet=&#8221;0&#8243; left_padding_phone=&#8221;0&#8243; right_padding_phone=&#8221;0&#8243; text_color=&#8221;dark&#8221; text_align=&#8221;left&#8221; row_border_radius=&#8221;none&#8221; row_border_radius_applies=&#8221;bg&#8221; overflow=&#8221;visible&#8221; overlay_strength=&#8221;0.3&#8243; gradient_direction=&#8221;left_to_right&#8221; shape_divider_position=&#8221;bottom&#8221; bg_image_animation=&#8221;none&#8221; gradient_type=&#8221;default&#8221; shape_type=&#8221;&#8221;][vc_column column_padding=&#8221;no-extra-padding&#8221; column_padding_tablet=&#8221;inherit&#8221; column_padding_phone=&#8221;inherit&#8221; column_padding_position=&#8221;all&#8221; column_element_direction_desktop=&#8221;default&#8221; column_element_spacing=&#8221;default&#8221; desktop_text_alignment=&#8221;default&#8221; tablet_text_alignment=&#8221;default&#8221; phone_text_alignment=&#8221;default&#8221; background_color_opacity=&#8221;1&#8243; background_hover_color_opacity=&#8221;1&#8243; column_backdrop_filter=&#8221;none&#8221; column_shadow=&#8221;none&#8221; column_border_radius=&#8221;none&#8221; column_link_target=&#8221;_self&#8221; column_position=&#8221;default&#8221; gradient_direction=&#8221;left_to_right&#8221; overlay_strength=&#8221;0.3&#8243; width=&#8221;1\/1&#8243; tablet_width_inherit=&#8221;default&#8221; animation_type=&#8221;default&#8221; bg_image_animation=&#8221;none&#8221; border_type=&#8221;simple&#8221; column_border_width=&#8221;none&#8221; column_border_style=&#8221;solid&#8221;][vc_column_text]<span style=\"font-weight: 400;\">D\u2019apr\u00e8s les conclusions du rapport du GIEC, face \u00e0 l\u2019augmentation de la temp\u00e9rature moyenne mondiale, les mesures conservatoires \u00e0 elles seules ne suffiront pas \u00e0 pr\u00e9venir les pertes irr\u00e9versibles, que ce soit sur terre ou dans l\u2019oc\u00e9an. C\u2019est d\u2019autant plus vrai si cette augmentation d\u00e9passe 2<\/span><span style=\"font-weight: 400;\">\u00b0<\/span><span style=\"font-weight: 400;\">C. La restauration de la v\u00e9g\u00e9tation native, par exemple, peut am\u00e9liorer la r\u00e9silience locale aux ph\u00e9nom\u00e8nes extr\u00eames, comme les vagues de chaleur ou les inondations, et favoriser le stockage du carbone, mais elle ne constitue en aucun cas une alternative \u00e0 l\u2019action climatique. Pour prot\u00e9ger la Terre et la biodiversit\u00e9 dont nous d\u00e9pendons, nous devons \u00e0 la fois prot\u00e9ger les \u00e9cosyst\u00e8mes, en leur donnant une chance de s\u2019adapter aux nouvelles conditions, et att\u00e9nuer les risques issus du changement climatique. C\u2019est possible si nous r\u00e9duisons nos \u00e9missions de gaz \u00e0 effet de serre.<\/span><\/p>\n<p>&nbsp;<\/p>\n<p><span style=\"font-weight: 400;\">Toutefois, pour ce faire, certaines solutions dont nous disposons pour transformer nos syst\u00e8mes alimentaires et \u00e9nerg\u00e9tiques soul\u00e8vent elles aussi des pr\u00e9occupations en mati\u00e8re de biodiversit\u00e9. La bio\u00e9nergie avec captage et stockage du carbone (BECCS), par exemple, suppose la plantation de monocultures pour la production de biocarburants, puis le captage et le stockage des \u00e9missions de CO2 issues de leur combustion avant qu\u2019elles n\u2019atteignent l\u2019atmosph\u00e8re. Cette alternative aux \u00e9nergies fossiles suscite de l\u2019int\u00e9r\u00eat, mais elle implique l\u2019utilisation de grandes \u00e9tendues de terre, ce qui l\u2019oppose \u00e0 la protection de la nature et risque d\u2019interf\u00e9rer avec les \u00e9cosyst\u00e8mes naturels. De m\u00eame, la plantation d\u2019arbres pour capturer le carbone ne constitue pas un rem\u00e8de miracle au changement climatique. Cet outil suppose une analyse attentive des risques sous-jacents et une gouvernance ad\u00e9quate pour garantir qu\u2019elle se fonde sur des preuves scientifiques et qu\u2019elle prend en compte les communaut\u00e9s localement concern\u00e9es par son utilisation. <\/span>[\/vc_column_text][\/vc_column][\/vc_row][vc_row type=&#8221;in_container&#8221; full_screen_row_position=&#8221;middle&#8221; column_margin=&#8221;default&#8221; column_direction=&#8221;default&#8221; column_direction_tablet=&#8221;default&#8221; column_direction_phone=&#8221;default&#8221; scene_position=&#8221;center&#8221; bottom_padding=&#8221;3%&#8221; left_padding_desktop=&#8221;6%&#8221; right_padding_desktop=&#8221;18%&#8221; left_padding_tablet=&#8221;0&#8243; constrain_group_4=&#8221;yes&#8221; right_padding_tablet=&#8221;0&#8243; left_padding_phone=&#8221;0&#8243; right_padding_phone=&#8221;0&#8243; text_color=&#8221;dark&#8221; text_align=&#8221;left&#8221; row_border_radius=&#8221;none&#8221; row_border_radius_applies=&#8221;bg&#8221; overflow=&#8221;visible&#8221; overlay_strength=&#8221;0.3&#8243; gradient_direction=&#8221;left_to_right&#8221; shape_divider_position=&#8221;bottom&#8221; bg_image_animation=&#8221;none&#8221; gradient_type=&#8221;default&#8221; shape_type=&#8221;&#8221;][vc_column column_padding=&#8221;no-extra-padding&#8221; column_padding_tablet=&#8221;inherit&#8221; column_padding_phone=&#8221;inherit&#8221; column_padding_position=&#8221;all&#8221; column_element_direction_desktop=&#8221;default&#8221; column_element_spacing=&#8221;default&#8221; desktop_text_alignment=&#8221;default&#8221; tablet_text_alignment=&#8221;default&#8221; phone_text_alignment=&#8221;default&#8221; background_color_opacity=&#8221;1&#8243; background_hover_color_opacity=&#8221;1&#8243; column_backdrop_filter=&#8221;none&#8221; column_shadow=&#8221;none&#8221; column_border_radius=&#8221;none&#8221; column_link_target=&#8221;_self&#8221; column_position=&#8221;default&#8221; gradient_direction=&#8221;left_to_right&#8221; overlay_strength=&#8221;0.3&#8243; width=&#8221;1\/1&#8243; tablet_width_inherit=&#8221;default&#8221; animation_type=&#8221;default&#8221; bg_image_animation=&#8221;none&#8221; border_type=&#8221;simple&#8221; column_border_width=&#8221;none&#8221; column_border_style=&#8221;solid&#8221;][vc_column_text]\n<h2><b>Quelles sont les actions entreprises pour r\u00e9soudre la crise de la biodiversit\u00e9 ?<\/b><\/h2>\n[\/vc_column_text][\/vc_column][\/vc_row][vc_row type=&#8221;in_container&#8221; full_screen_row_position=&#8221;middle&#8221; column_margin=&#8221;default&#8221; column_direction=&#8221;default&#8221; column_direction_tablet=&#8221;default&#8221; column_direction_phone=&#8221;default&#8221; scene_position=&#8221;center&#8221; bottom_padding=&#8221;3%&#8221; left_padding_desktop=&#8221;40%&#8221; right_padding_desktop=&#8221;18%&#8221; left_padding_tablet=&#8221;0&#8243; constrain_group_4=&#8221;yes&#8221; right_padding_tablet=&#8221;0&#8243; left_padding_phone=&#8221;0&#8243; right_padding_phone=&#8221;0&#8243; text_color=&#8221;dark&#8221; text_align=&#8221;left&#8221; row_border_radius=&#8221;none&#8221; row_border_radius_applies=&#8221;bg&#8221; overflow=&#8221;visible&#8221; overlay_strength=&#8221;0.3&#8243; gradient_direction=&#8221;left_to_right&#8221; shape_divider_position=&#8221;bottom&#8221; bg_image_animation=&#8221;none&#8221; gradient_type=&#8221;default&#8221; shape_type=&#8221;&#8221;][vc_column column_padding=&#8221;no-extra-padding&#8221; column_padding_tablet=&#8221;inherit&#8221; column_padding_phone=&#8221;inherit&#8221; column_padding_position=&#8221;all&#8221; column_element_direction_desktop=&#8221;default&#8221; column_element_spacing=&#8221;default&#8221; desktop_text_alignment=&#8221;default&#8221; tablet_text_alignment=&#8221;default&#8221; phone_text_alignment=&#8221;default&#8221; background_color_opacity=&#8221;1&#8243; background_hover_color_opacity=&#8221;1&#8243; column_backdrop_filter=&#8221;none&#8221; column_shadow=&#8221;none&#8221; column_border_radius=&#8221;none&#8221; column_link_target=&#8221;_self&#8221; column_position=&#8221;default&#8221; gradient_direction=&#8221;left_to_right&#8221; overlay_strength=&#8221;0.3&#8243; width=&#8221;1\/1&#8243; tablet_width_inherit=&#8221;default&#8221; animation_type=&#8221;default&#8221; bg_image_animation=&#8221;none&#8221; border_type=&#8221;simple&#8221; column_border_width=&#8221;none&#8221; column_border_style=&#8221;solid&#8221;][vc_column_text]<span style=\"font-weight: 400;\">Dans le cadre du changement climatique, les risques pour la biodiversit\u00e9 font l\u2019objet de nombreux d\u00e9bats, mais ce d\u00e9fi se situe aussi au c\u0153ur des actions d\u2019une autre branche de la communaut\u00e9 internationale. La Convention sur la diversit\u00e9 biologique (CDB), entr\u00e9e en vigueur fin 1993, vise \u00e0 la protection de la diversit\u00e9 biologique et \u00e0 l\u2019utilisation durable de ses composants, d\u2019apr\u00e8s un partage juste et \u00e9quitable. La derni\u00e8re Conf\u00e9rence des parties \u00e0 la Convention (CDB COP15) a eu lieu au Canada fin 2022. Elle s\u2019est conclue par un accord historique visant \u00e0 stopper et inverser la perte de biodiversit\u00e9 d\u2019ici 2030. Ce pacte comprend une s\u00e9rie de mesures pour tenir les gouvernements responsables en cas de manquement \u00e0 leurs engagements. <\/span>[\/vc_column_text][\/vc_column][\/vc_row][vc_row type=&#8221;in_container&#8221; full_screen_row_position=&#8221;middle&#8221; column_margin=&#8221;default&#8221; column_direction=&#8221;default&#8221; column_direction_tablet=&#8221;default&#8221; column_direction_phone=&#8221;default&#8221; scene_position=&#8221;center&#8221; bottom_padding=&#8221;3%&#8221; left_padding_desktop=&#8221;18%&#8221; constrain_group_2=&#8221;yes&#8221; right_padding_desktop=&#8221;18%&#8221; left_padding_tablet=&#8221;0&#8243; constrain_group_4=&#8221;yes&#8221; right_padding_tablet=&#8221;0&#8243; left_padding_phone=&#8221;0&#8243; right_padding_phone=&#8221;0&#8243; text_color=&#8221;dark&#8221; text_align=&#8221;left&#8221; row_border_radius=&#8221;none&#8221; row_border_radius_applies=&#8221;bg&#8221; overflow=&#8221;visible&#8221; overlay_strength=&#8221;0.3&#8243; gradient_direction=&#8221;left_to_right&#8221; shape_divider_position=&#8221;bottom&#8221; bg_image_animation=&#8221;none&#8221; gradient_type=&#8221;default&#8221; shape_type=&#8221;&#8221;][vc_column column_padding=&#8221;no-extra-padding&#8221; column_padding_tablet=&#8221;inherit&#8221; column_padding_phone=&#8221;inherit&#8221; column_padding_position=&#8221;all&#8221; column_element_direction_desktop=&#8221;default&#8221; column_element_spacing=&#8221;default&#8221; desktop_text_alignment=&#8221;default&#8221; tablet_text_alignment=&#8221;default&#8221; phone_text_alignment=&#8221;default&#8221; background_color_opacity=&#8221;1&#8243; background_hover_color_opacity=&#8221;1&#8243; column_backdrop_filter=&#8221;none&#8221; column_shadow=&#8221;none&#8221; column_border_radius=&#8221;none&#8221; column_link_target=&#8221;_self&#8221; column_position=&#8221;default&#8221; gradient_direction=&#8221;left_to_right&#8221; overlay_strength=&#8221;0.3&#8243; width=&#8221;1\/1&#8243; tablet_width_inherit=&#8221;default&#8221; animation_type=&#8221;default&#8221; bg_image_animation=&#8221;none&#8221; border_type=&#8221;simple&#8221; column_border_width=&#8221;none&#8221; column_border_style=&#8221;solid&#8221;][image_with_animation image_url=&#8221;1843&#8243; image_size=&#8221;full&#8221; animation_type=&#8221;entrance&#8221; animation=&#8221;None&#8221; animation_movement_type=&#8221;transform_y&#8221; hover_animation=&#8221;none&#8221; alignment=&#8221;&#8221; border_radius=&#8221;none&#8221; box_shadow=&#8221;none&#8221; image_loading=&#8221;default&#8221; max_width=&#8221;100%&#8221; max_width_mobile=&#8221;default&#8221;][divider line_type=&#8221;No Line&#8221; custom_height=&#8221;10&#8243;][vc_column_text]<span style=\"font-weight: 400;\">Ashden \/ Ashden<\/span>[\/vc_column_text][\/vc_column][\/vc_row][vc_row type=&#8221;in_container&#8221; full_screen_row_position=&#8221;middle&#8221; column_margin=&#8221;default&#8221; column_direction=&#8221;default&#8221; column_direction_tablet=&#8221;default&#8221; column_direction_phone=&#8221;default&#8221; scene_position=&#8221;center&#8221; bottom_padding=&#8221;6%&#8221; left_padding_desktop=&#8221;40%&#8221; right_padding_desktop=&#8221;18%&#8221; left_padding_tablet=&#8221;0&#8243; constrain_group_4=&#8221;yes&#8221; right_padding_tablet=&#8221;0&#8243; left_padding_phone=&#8221;0&#8243; right_padding_phone=&#8221;0&#8243; text_color=&#8221;dark&#8221; text_align=&#8221;left&#8221; row_border_radius=&#8221;none&#8221; row_border_radius_applies=&#8221;bg&#8221; overflow=&#8221;visible&#8221; overlay_strength=&#8221;0.3&#8243; gradient_direction=&#8221;left_to_right&#8221; shape_divider_position=&#8221;bottom&#8221; bg_image_animation=&#8221;none&#8221; gradient_type=&#8221;default&#8221; shape_type=&#8221;&#8221;][vc_column column_padding=&#8221;no-extra-padding&#8221; column_padding_tablet=&#8221;inherit&#8221; column_padding_phone=&#8221;inherit&#8221; column_padding_position=&#8221;all&#8221; column_element_direction_desktop=&#8221;default&#8221; column_element_spacing=&#8221;default&#8221; desktop_text_alignment=&#8221;default&#8221; tablet_text_alignment=&#8221;default&#8221; phone_text_alignment=&#8221;default&#8221; background_color_opacity=&#8221;1&#8243; background_hover_color_opacity=&#8221;1&#8243; column_backdrop_filter=&#8221;none&#8221; column_shadow=&#8221;none&#8221; column_border_radius=&#8221;none&#8221; column_link_target=&#8221;_self&#8221; column_position=&#8221;default&#8221; gradient_direction=&#8221;left_to_right&#8221; overlay_strength=&#8221;0.3&#8243; width=&#8221;1\/1&#8243; tablet_width_inherit=&#8221;default&#8221; animation_type=&#8221;default&#8221; bg_image_animation=&#8221;none&#8221; border_type=&#8221;simple&#8221; column_border_width=&#8221;none&#8221; column_border_style=&#8221;solid&#8221;][vc_column_text]<span style=\"font-weight: 400;\">En 2012, pour \u00e9valuer et r\u00e9sumer les preuves scientifiques sur cette probl\u00e9matique, les gouvernements ont aussi fond\u00e9 l\u2019IPBES, une organisation intergouvernementale de politique et de recherche sur la biodiversit\u00e9. Forte de 140 \u00c9tats membres, elle \u00e9value l\u2019\u00e9tat de la biodiversit\u00e9 et les contributions offertes par la nature aux humains au sein de diff\u00e9rents rapports th\u00e9matiques \u00e9crits et relus par des centaines de scientifiques du monde entier \u00e0 titre b\u00e9n\u00e9vole. Les deux derniers rapports de l\u2019\u00e9t\u00e9 2022 traitent de l\u2019exploitation durable des esp\u00e8ces sauvages et des diff\u00e9rentes fa\u00e7ons dont les peuples appr\u00e9cient la nature. Les rapports de l\u2019IPBES concluent par exemple que nombre d\u2019esp\u00e8ces sauvages dont l\u2019humanit\u00e9 d\u00e9pend pour se nourrir, se chauffer, cuisiner ou obtenir des revenus sont sur le d\u00e9clin et que le changement climatique risque d\u2019accentuer cette tendance. Cependant, il indique aussi que r\u00e9pondre \u00e0 ces probl\u00e8mes en utilisant des pratiques plus durables participera \u00e0 l\u2019att\u00e9nuation des cons\u00e9quences climatiques. <\/span>[\/vc_column_text][\/vc_column][\/vc_row][vc_row type=&#8221;in_container&#8221; full_screen_row_position=&#8221;middle&#8221; column_margin=&#8221;default&#8221; column_direction=&#8221;default&#8221; column_direction_tablet=&#8221;default&#8221; column_direction_phone=&#8221;default&#8221; scene_position=&#8221;center&#8221; bottom_padding=&#8221;3%&#8221; left_padding_desktop=&#8221;18%&#8221; constrain_group_2=&#8221;yes&#8221; right_padding_desktop=&#8221;18%&#8221; left_padding_tablet=&#8221;0&#8243; constrain_group_4=&#8221;yes&#8221; right_padding_tablet=&#8221;0&#8243; left_padding_phone=&#8221;0&#8243; right_padding_phone=&#8221;0&#8243; text_color=&#8221;dark&#8221; text_align=&#8221;left&#8221; row_border_radius=&#8221;none&#8221; row_border_radius_applies=&#8221;bg&#8221; overflow=&#8221;visible&#8221; overlay_strength=&#8221;0.3&#8243; gradient_direction=&#8221;left_to_right&#8221; shape_divider_position=&#8221;bottom&#8221; bg_image_animation=&#8221;none&#8221; gradient_type=&#8221;default&#8221; shape_type=&#8221;&#8221;][vc_column column_padding=&#8221;no-extra-padding&#8221; column_padding_tablet=&#8221;inherit&#8221; column_padding_phone=&#8221;inherit&#8221; column_padding_position=&#8221;all&#8221; column_element_direction_desktop=&#8221;default&#8221; column_element_spacing=&#8221;default&#8221; desktop_text_alignment=&#8221;default&#8221; tablet_text_alignment=&#8221;default&#8221; phone_text_alignment=&#8221;default&#8221; background_color_opacity=&#8221;1&#8243; background_hover_color_opacity=&#8221;1&#8243; column_backdrop_filter=&#8221;none&#8221; column_shadow=&#8221;none&#8221; column_border_radius=&#8221;none&#8221; column_link_target=&#8221;_self&#8221; column_position=&#8221;default&#8221; gradient_direction=&#8221;left_to_right&#8221; overlay_strength=&#8221;0.3&#8243; width=&#8221;1\/1&#8243; tablet_width_inherit=&#8221;default&#8221; animation_type=&#8221;default&#8221; bg_image_animation=&#8221;none&#8221; border_type=&#8221;simple&#8221; column_border_width=&#8221;none&#8221; column_border_style=&#8221;solid&#8221;][vc_column_text]\n<h2 style=\"text-align: center;\">Ressources utiles<\/h2>\n[\/vc_column_text][\/vc_column][\/vc_row][vc_row type=&#8221;in_container&#8221; full_screen_row_position=&#8221;middle&#8221; column_margin=&#8221;default&#8221; column_direction=&#8221;default&#8221; column_direction_tablet=&#8221;default&#8221; column_direction_phone=&#8221;default&#8221; scene_position=&#8221;center&#8221; bottom_padding=&#8221;6%&#8221; left_padding_desktop=&#8221;18%&#8221; constrain_group_2=&#8221;yes&#8221; right_padding_desktop=&#8221;18%&#8221; left_padding_tablet=&#8221;0&#8243; constrain_group_4=&#8221;yes&#8221; right_padding_tablet=&#8221;0&#8243; left_padding_phone=&#8221;0&#8243; right_padding_phone=&#8221;0&#8243; text_color=&#8221;dark&#8221; text_align=&#8221;left&#8221; row_border_radius=&#8221;none&#8221; row_border_radius_applies=&#8221;bg&#8221; overflow=&#8221;visible&#8221; overlay_strength=&#8221;0.3&#8243; gradient_direction=&#8221;left_to_right&#8221; shape_divider_position=&#8221;bottom&#8221; bg_image_animation=&#8221;none&#8221; gradient_type=&#8221;default&#8221; shape_type=&#8221;&#8221;][vc_column column_padding=&#8221;no-extra-padding&#8221; column_padding_tablet=&#8221;inherit&#8221; column_padding_phone=&#8221;inherit&#8221; column_padding_position=&#8221;all&#8221; column_element_direction_desktop=&#8221;default&#8221; column_element_spacing=&#8221;default&#8221; desktop_text_alignment=&#8221;default&#8221; tablet_text_alignment=&#8221;default&#8221; phone_text_alignment=&#8221;default&#8221; background_color_opacity=&#8221;1&#8243; background_hover_color_opacity=&#8221;1&#8243; column_backdrop_filter=&#8221;none&#8221; column_shadow=&#8221;none&#8221; column_border_radius=&#8221;none&#8221; column_link_target=&#8221;_self&#8221; column_position=&#8221;default&#8221; gradient_direction=&#8221;left_to_right&#8221; overlay_strength=&#8221;0.3&#8243; width=&#8221;1\/1&#8243; tablet_width_inherit=&#8221;default&#8221; animation_type=&#8221;default&#8221; bg_image_animation=&#8221;none&#8221; border_type=&#8221;simple&#8221; column_border_width=&#8221;none&#8221; column_border_style=&#8221;solid&#8221;][vc_column_text el_class=&#8221;bullets&#8211;asterisk&#8221;]\n<ul>\n<li>Sir David Attenborough explique pourquoi la biodiversit\u00e9 est importante dans une <strong><a href=\"https:\/\/www.youtube.com\/watch?v=GlWNuzrqe7U\" target=\"_blank\" rel=\"noopener\">vid\u00e9o de 5 minutes<\/a><\/strong> de la Royal Society.<\/li>\n<li>Un <strong><a href=\"https:\/\/www.carbonbrief.org\/explainer-can-climate-change-and-biodiversity-loss-be-tackled-together\/\" target=\"_blank\" rel=\"noopener\">explicatif de Carbon Brief<\/a><\/strong> sur la question de savoir si le changement climatique et la perte de biodiversit\u00e9 peuvent \u00eatre trait\u00e9s ensemble.<\/li>\n<\/ul>\n[\/vc_column_text][\/vc_column][\/vc_row][vc_row type=&#8221;in_container&#8221; full_screen_row_position=&#8221;middle&#8221; column_margin=&#8221;default&#8221; column_direction=&#8221;default&#8221; column_direction_tablet=&#8221;default&#8221; column_direction_phone=&#8221;default&#8221; scene_position=&#8221;center&#8221; bottom_padding=&#8221;3%&#8221; constrain_group_2=&#8221;yes&#8221; constrain_group_4=&#8221;yes&#8221; constrain_group_6=&#8221;yes&#8221; text_color=&#8221;dark&#8221; text_align=&#8221;left&#8221; row_border_radius=&#8221;none&#8221; row_border_radius_applies=&#8221;bg&#8221; overflow=&#8221;visible&#8221; overlay_strength=&#8221;0.3&#8243; gradient_direction=&#8221;left_to_right&#8221; shape_divider_position=&#8221;bottom&#8221; bg_image_animation=&#8221;none&#8221; gradient_type=&#8221;default&#8221; shape_type=&#8221;&#8221;][vc_column column_padding=&#8221;no-extra-padding&#8221; column_padding_tablet=&#8221;inherit&#8221; column_padding_phone=&#8221;inherit&#8221; column_padding_position=&#8221;all&#8221; column_element_direction_desktop=&#8221;default&#8221; column_element_spacing=&#8221;default&#8221; desktop_text_alignment=&#8221;default&#8221; tablet_text_alignment=&#8221;default&#8221; phone_text_alignment=&#8221;default&#8221; background_color_opacity=&#8221;1&#8243; background_hover_color_opacity=&#8221;1&#8243; column_backdrop_filter=&#8221;none&#8221; column_shadow=&#8221;none&#8221; column_border_radius=&#8221;none&#8221; column_link_target=&#8221;_self&#8221; column_position=&#8221;default&#8221; gradient_direction=&#8221;left_to_right&#8221; overlay_strength=&#8221;0.3&#8243; width=&#8221;1\/1&#8243; tablet_width_inherit=&#8221;default&#8221; animation_type=&#8221;default&#8221; bg_image_animation=&#8221;none&#8221; border_type=&#8221;simple&#8221; column_border_width=&#8221;none&#8221; column_border_style=&#8221;solid&#8221; column_padding_type=&#8221;default&#8221; gradient_type=&#8221;default&#8221;][vc_wp_custommenu nav_menu=&#8221;57&#8243; el_class=&#8221;learn-more-menu&#8221; title=&#8221;Continuer \u00e0 explorer&#8221;][\/vc_column][\/vc_row]\n","protected":false},"excerpt":{"rendered":"<p>[vc_row type=&#8221;in_container&#8221; full_screen_row_position=&#8221;middle&#8221; column_margin=&#8221;none&#8221; column_direction=&#8221;default&#8221; column_direction_tablet=&#8221;default&#8221; column_direction_phone=&#8221;default&#8221; bg_image=&#8221;1514&#8243; bg_position=&#8221;center center&#8221; background_image_loading=&#8221;lazy-load&#8221; bg_repeat=&#8221;no-repeat&#8221; scene_position=&#8221;center&#8221; top_padding=&#8221;12%&#8221; constrain_group_1=&#8221;yes&#8221; bottom_padding=&#8221;12%&#8221; text_color=&#8221;light&#8221; text_align=&#8221;center&#8221; row_border_radius=&#8221;none&#8221; row_border_radius_applies=&#8221;bg&#8221; overflow=&#8221;visible&#8221; id=&#8221;culture&#8221; overlay_strength=&#8221;0.3&#8243; gradient_direction=&#8221;left_to_right&#8221; shape_divider_position=&#8221;bottom&#8221; bg_image_animation=&#8221;none&#8221; gradient_type=&#8221;default&#8221; shape_type=&#8221;&#8221;][vc_column constrain_group_100=&#8221;yes&#8221; constrain_group_101=&#8221;yes&#8221;&#8230;<\/p>\n","protected":false},"author":3,"featured_media":2944,"comment_status":"closed","ping_status":"closed","sticky":false,"template":"","format":"standard","meta":{"inline_featured_image":false,"footnotes":""},"categories":[46],"tags":[],"class_list":["post-3849","post","type-post","status-publish","format-standard","has-post-thumbnail","category-non-classifiee"],"yoast_head":"<!-- This site is optimized with the Yoast SEO plugin v28.3 - https:\/\/yoast.com\/product\/yoast-seo-wordpress\/ -->\n<title>Changement climatique et biodiversit\u00e9 - CLIMATE SCIENCE 2030<\/title>\n<meta name=\"robots\" content=\"index, follow, max-snippet:-1, max-image-preview:large, max-video-preview:-1\" \/>\n<link rel=\"canonical\" href=\"https:\/\/climatescience2030.com\/fr\/changement-climatique-et-biodiversite\/\" \/>\n<meta property=\"og:locale\" content=\"fr_FR\" \/>\n<meta property=\"og:type\" content=\"article\" \/>\n<meta property=\"og:title\" content=\"Changement climatique et biodiversit\u00e9 - CLIMATE SCIENCE 2030\" \/>\n<meta property=\"og:description\" content=\"[vc_row type=&#8221;in_container&#8221; full_screen_row_position=&#8221;middle&#8221; column_margin=&#8221;none&#8221; column_direction=&#8221;default&#8221; column_direction_tablet=&#8221;default&#8221; column_direction_phone=&#8221;default&#8221; bg_image=&#8221;1514&#8243; bg_position=&#8221;center center&#8221; background_image_loading=&#8221;lazy-load&#8221; bg_repeat=&#8221;no-repeat&#8221; scene_position=&#8221;center&#8221; top_padding=&#8221;12%&#8221; constrain_group_1=&#8221;yes&#8221; bottom_padding=&#8221;12%&#8221; text_color=&#8221;light&#8221; text_align=&#8221;center&#8221; row_border_radius=&#8221;none&#8221; row_border_radius_applies=&#8221;bg&#8221; overflow=&#8221;visible&#8221; id=&#8221;culture&#8221; overlay_strength=&#8221;0.3&#8243; gradient_direction=&#8221;left_to_right&#8221; shape_divider_position=&#8221;bottom&#8221; bg_image_animation=&#8221;none&#8221; gradient_type=&#8221;default&#8221; shape_type=&#8221;&#8221;][vc_column constrain_group_100=&#8221;yes&#8221; constrain_group_101=&#8221;yes&#8221;...\" \/>\n<meta property=\"og:url\" content=\"https:\/\/climatescience2030.com\/fr\/changement-climatique-et-biodiversite\/\" \/>\n<meta property=\"og:site_name\" content=\"CLIMATE SCIENCE 2030\" \/>\n<meta property=\"article:published_time\" content=\"2023-02-24T19:42:55+00:00\" \/>\n<meta property=\"article:modified_time\" content=\"2023-03-23T16:21:25+00:00\" \/>\n<meta property=\"og:image\" content=\"https:\/\/climatescience2030.com\/wp-content\/uploads\/2023\/02\/3257_BiodiversityLoss.png\" \/>\n\t<meta property=\"og:image:width\" content=\"1420\" \/>\n\t<meta property=\"og:image:height\" content=\"650\" \/>\n\t<meta property=\"og:image:type\" content=\"image\/png\" \/>\n<meta name=\"author\" content=\"Laura\" \/>\n<meta name=\"twitter:card\" content=\"summary_large_image\" \/>\n<meta name=\"twitter:label1\" content=\"Written by\" \/>\n\t<meta name=\"twitter:data1\" content=\"Laura\" \/>\n\t<meta name=\"twitter:label2\" content=\"Est. reading time\" \/>\n\t<meta name=\"twitter:data2\" content=\"11 minutes\" \/>\n<script type=\"application\/ld+json\" class=\"yoast-schema-graph\">{\"@context\":\"https:\\\/\\\/schema.org\",\"@graph\":[{\"@type\":\"Article\",\"@id\":\"https:\\\/\\\/climatescience2030.com\\\/fr\\\/changement-climatique-et-biodiversite\\\/#article\",\"isPartOf\":{\"@id\":\"https:\\\/\\\/climatescience2030.com\\\/fr\\\/changement-climatique-et-biodiversite\\\/\"},\"author\":{\"name\":\"Laura\",\"@id\":\"https:\\\/\\\/climatescience2030.com\\\/#\\\/schema\\\/person\\\/f3316f654d1a7fa4e9d7946f0f2e6484\"},\"headline\":\"Changement climatique et biodiversit\u00e9\",\"datePublished\":\"2023-02-24T19:42:55+00:00\",\"dateModified\":\"2023-03-23T16:21:25+00:00\",\"mainEntityOfPage\":{\"@id\":\"https:\\\/\\\/climatescience2030.com\\\/fr\\\/changement-climatique-et-biodiversite\\\/\"},\"wordCount\":4984,\"publisher\":{\"@id\":\"https:\\\/\\\/climatescience2030.com\\\/#organization\"},\"image\":{\"@id\":\"https:\\\/\\\/climatescience2030.com\\\/fr\\\/changement-climatique-et-biodiversite\\\/#primaryimage\"},\"thumbnailUrl\":\"https:\\\/\\\/climatescience2030.com\\\/wp-content\\\/uploads\\\/2023\\\/02\\\/3257_BiodiversityLoss.png\",\"articleSection\":[\"Non classifi\u00e9(e)\"],\"inLanguage\":\"fr-FR\"},{\"@type\":\"WebPage\",\"@id\":\"https:\\\/\\\/climatescience2030.com\\\/fr\\\/changement-climatique-et-biodiversite\\\/\",\"url\":\"https:\\\/\\\/climatescience2030.com\\\/fr\\\/changement-climatique-et-biodiversite\\\/\",\"name\":\"Changement climatique et biodiversit\u00e9 - CLIMATE SCIENCE 2030\",\"isPartOf\":{\"@id\":\"https:\\\/\\\/climatescience2030.com\\\/#website\"},\"primaryImageOfPage\":{\"@id\":\"https:\\\/\\\/climatescience2030.com\\\/fr\\\/changement-climatique-et-biodiversite\\\/#primaryimage\"},\"image\":{\"@id\":\"https:\\\/\\\/climatescience2030.com\\\/fr\\\/changement-climatique-et-biodiversite\\\/#primaryimage\"},\"thumbnailUrl\":\"https:\\\/\\\/climatescience2030.com\\\/wp-content\\\/uploads\\\/2023\\\/02\\\/3257_BiodiversityLoss.png\",\"datePublished\":\"2023-02-24T19:42:55+00:00\",\"dateModified\":\"2023-03-23T16:21:25+00:00\",\"inLanguage\":\"fr-FR\",\"potentialAction\":[{\"@type\":\"ReadAction\",\"target\":[\"https:\\\/\\\/climatescience2030.com\\\/fr\\\/changement-climatique-et-biodiversite\\\/\"]}]},{\"@type\":\"ImageObject\",\"inLanguage\":\"fr-FR\",\"@id\":\"https:\\\/\\\/climatescience2030.com\\\/fr\\\/changement-climatique-et-biodiversite\\\/#primaryimage\",\"url\":\"https:\\\/\\\/climatescience2030.com\\\/wp-content\\\/uploads\\\/2023\\\/02\\\/3257_BiodiversityLoss.png\",\"contentUrl\":\"https:\\\/\\\/climatescience2030.com\\\/wp-content\\\/uploads\\\/2023\\\/02\\\/3257_BiodiversityLoss.png\",\"width\":1420,\"height\":650},{\"@type\":\"WebSite\",\"@id\":\"https:\\\/\\\/climatescience2030.com\\\/#website\",\"url\":\"https:\\\/\\\/climatescience2030.com\\\/\",\"name\":\"CLIMATE SCIENCE 2030\",\"description\":\"Climate change is happening all around us\",\"publisher\":{\"@id\":\"https:\\\/\\\/climatescience2030.com\\\/#organization\"},\"potentialAction\":[{\"@type\":\"SearchAction\",\"target\":{\"@type\":\"EntryPoint\",\"urlTemplate\":\"https:\\\/\\\/climatescience2030.com\\\/?s={search_term_string}\"},\"query-input\":{\"@type\":\"PropertyValueSpecification\",\"valueRequired\":true,\"valueName\":\"search_term_string\"}}],\"inLanguage\":\"fr-FR\"},{\"@type\":\"Organization\",\"@id\":\"https:\\\/\\\/climatescience2030.com\\\/#organization\",\"name\":\"CLIMATE SCIENCE 2030\",\"url\":\"https:\\\/\\\/climatescience2030.com\\\/\",\"logo\":{\"@type\":\"ImageObject\",\"inLanguage\":\"fr-FR\",\"@id\":\"https:\\\/\\\/climatescience2030.com\\\/#\\\/schema\\\/logo\\\/image\\\/\",\"url\":\"https:\\\/\\\/climatescience2030.com\\\/wp-content\\\/uploads\\\/2023\\\/03\\\/cropped-Earthfor6.png\",\"contentUrl\":\"https:\\\/\\\/climatescience2030.com\\\/wp-content\\\/uploads\\\/2023\\\/03\\\/cropped-Earthfor6.png\",\"width\":512,\"height\":512,\"caption\":\"CLIMATE SCIENCE 2030\"},\"image\":{\"@id\":\"https:\\\/\\\/climatescience2030.com\\\/#\\\/schema\\\/logo\\\/image\\\/\"}},{\"@type\":\"Person\",\"@id\":\"https:\\\/\\\/climatescience2030.com\\\/#\\\/schema\\\/person\\\/f3316f654d1a7fa4e9d7946f0f2e6484\",\"name\":\"Laura\",\"image\":{\"@type\":\"ImageObject\",\"inLanguage\":\"fr-FR\",\"@id\":\"https:\\\/\\\/secure.gravatar.com\\\/avatar\\\/23b3b4ec115b67a870e21ebdc42d96ee933933cd288d685789ea3bd034b0408b?s=96&d=mm&r=g\",\"url\":\"https:\\\/\\\/secure.gravatar.com\\\/avatar\\\/23b3b4ec115b67a870e21ebdc42d96ee933933cd288d685789ea3bd034b0408b?s=96&d=mm&r=g\",\"contentUrl\":\"https:\\\/\\\/secure.gravatar.com\\\/avatar\\\/23b3b4ec115b67a870e21ebdc42d96ee933933cd288d685789ea3bd034b0408b?s=96&d=mm&r=g\",\"caption\":\"Laura\"},\"url\":\"https:\\\/\\\/climatescience2030.com\\\/fr\\\/author\\\/laura\\\/\"}]}<\/script>\n<!-- \/ Yoast SEO plugin. -->","yoast_head_json":{"title":"Changement climatique et biodiversit\u00e9 - CLIMATE SCIENCE 2030","robots":{"index":"index","follow":"follow","max-snippet":"max-snippet:-1","max-image-preview":"max-image-preview:large","max-video-preview":"max-video-preview:-1"},"canonical":"https:\/\/climatescience2030.com\/fr\/changement-climatique-et-biodiversite\/","og_locale":"fr_FR","og_type":"article","og_title":"Changement climatique et biodiversit\u00e9 - CLIMATE SCIENCE 2030","og_description":"[vc_row type=&#8221;in_container&#8221; full_screen_row_position=&#8221;middle&#8221; column_margin=&#8221;none&#8221; column_direction=&#8221;default&#8221; column_direction_tablet=&#8221;default&#8221; column_direction_phone=&#8221;default&#8221; bg_image=&#8221;1514&#8243; bg_position=&#8221;center center&#8221; background_image_loading=&#8221;lazy-load&#8221; bg_repeat=&#8221;no-repeat&#8221; scene_position=&#8221;center&#8221; top_padding=&#8221;12%&#8221; constrain_group_1=&#8221;yes&#8221; bottom_padding=&#8221;12%&#8221; text_color=&#8221;light&#8221; text_align=&#8221;center&#8221; row_border_radius=&#8221;none&#8221; row_border_radius_applies=&#8221;bg&#8221; overflow=&#8221;visible&#8221; id=&#8221;culture&#8221; overlay_strength=&#8221;0.3&#8243; gradient_direction=&#8221;left_to_right&#8221; shape_divider_position=&#8221;bottom&#8221; bg_image_animation=&#8221;none&#8221; gradient_type=&#8221;default&#8221; shape_type=&#8221;&#8221;][vc_column constrain_group_100=&#8221;yes&#8221; constrain_group_101=&#8221;yes&#8221;...","og_url":"https:\/\/climatescience2030.com\/fr\/changement-climatique-et-biodiversite\/","og_site_name":"CLIMATE SCIENCE 2030","article_published_time":"2023-02-24T19:42:55+00:00","article_modified_time":"2023-03-23T16:21:25+00:00","og_image":[{"width":1420,"height":650,"url":"https:\/\/climatescience2030.com\/wp-content\/uploads\/2023\/02\/3257_BiodiversityLoss.png","type":"image\/png"}],"author":"Laura","twitter_card":"summary_large_image","twitter_misc":{"Written by":"Laura","Est. reading time":"11 minutes"},"schema":{"@context":"https:\/\/schema.org","@graph":[{"@type":"Article","@id":"https:\/\/climatescience2030.com\/fr\/changement-climatique-et-biodiversite\/#article","isPartOf":{"@id":"https:\/\/climatescience2030.com\/fr\/changement-climatique-et-biodiversite\/"},"author":{"name":"Laura","@id":"https:\/\/climatescience2030.com\/#\/schema\/person\/f3316f654d1a7fa4e9d7946f0f2e6484"},"headline":"Changement climatique et biodiversit\u00e9","datePublished":"2023-02-24T19:42:55+00:00","dateModified":"2023-03-23T16:21:25+00:00","mainEntityOfPage":{"@id":"https:\/\/climatescience2030.com\/fr\/changement-climatique-et-biodiversite\/"},"wordCount":4984,"publisher":{"@id":"https:\/\/climatescience2030.com\/#organization"},"image":{"@id":"https:\/\/climatescience2030.com\/fr\/changement-climatique-et-biodiversite\/#primaryimage"},"thumbnailUrl":"https:\/\/climatescience2030.com\/wp-content\/uploads\/2023\/02\/3257_BiodiversityLoss.png","articleSection":["Non classifi\u00e9(e)"],"inLanguage":"fr-FR"},{"@type":"WebPage","@id":"https:\/\/climatescience2030.com\/fr\/changement-climatique-et-biodiversite\/","url":"https:\/\/climatescience2030.com\/fr\/changement-climatique-et-biodiversite\/","name":"Changement climatique et biodiversit\u00e9 - CLIMATE SCIENCE 2030","isPartOf":{"@id":"https:\/\/climatescience2030.com\/#website"},"primaryImageOfPage":{"@id":"https:\/\/climatescience2030.com\/fr\/changement-climatique-et-biodiversite\/#primaryimage"},"image":{"@id":"https:\/\/climatescience2030.com\/fr\/changement-climatique-et-biodiversite\/#primaryimage"},"thumbnailUrl":"https:\/\/climatescience2030.com\/wp-content\/uploads\/2023\/02\/3257_BiodiversityLoss.png","datePublished":"2023-02-24T19:42:55+00:00","dateModified":"2023-03-23T16:21:25+00:00","inLanguage":"fr-FR","potentialAction":[{"@type":"ReadAction","target":["https:\/\/climatescience2030.com\/fr\/changement-climatique-et-biodiversite\/"]}]},{"@type":"ImageObject","inLanguage":"fr-FR","@id":"https:\/\/climatescience2030.com\/fr\/changement-climatique-et-biodiversite\/#primaryimage","url":"https:\/\/climatescience2030.com\/wp-content\/uploads\/2023\/02\/3257_BiodiversityLoss.png","contentUrl":"https:\/\/climatescience2030.com\/wp-content\/uploads\/2023\/02\/3257_BiodiversityLoss.png","width":1420,"height":650},{"@type":"WebSite","@id":"https:\/\/climatescience2030.com\/#website","url":"https:\/\/climatescience2030.com\/","name":"CLIMATE SCIENCE 2030","description":"Climate change is happening all around us","publisher":{"@id":"https:\/\/climatescience2030.com\/#organization"},"potentialAction":[{"@type":"SearchAction","target":{"@type":"EntryPoint","urlTemplate":"https:\/\/climatescience2030.com\/?s={search_term_string}"},"query-input":{"@type":"PropertyValueSpecification","valueRequired":true,"valueName":"search_term_string"}}],"inLanguage":"fr-FR"},{"@type":"Organization","@id":"https:\/\/climatescience2030.com\/#organization","name":"CLIMATE SCIENCE 2030","url":"https:\/\/climatescience2030.com\/","logo":{"@type":"ImageObject","inLanguage":"fr-FR","@id":"https:\/\/climatescience2030.com\/#\/schema\/logo\/image\/","url":"https:\/\/climatescience2030.com\/wp-content\/uploads\/2023\/03\/cropped-Earthfor6.png","contentUrl":"https:\/\/climatescience2030.com\/wp-content\/uploads\/2023\/03\/cropped-Earthfor6.png","width":512,"height":512,"caption":"CLIMATE SCIENCE 2030"},"image":{"@id":"https:\/\/climatescience2030.com\/#\/schema\/logo\/image\/"}},{"@type":"Person","@id":"https:\/\/climatescience2030.com\/#\/schema\/person\/f3316f654d1a7fa4e9d7946f0f2e6484","name":"Laura","image":{"@type":"ImageObject","inLanguage":"fr-FR","@id":"https:\/\/secure.gravatar.com\/avatar\/23b3b4ec115b67a870e21ebdc42d96ee933933cd288d685789ea3bd034b0408b?s=96&d=mm&r=g","url":"https:\/\/secure.gravatar.com\/avatar\/23b3b4ec115b67a870e21ebdc42d96ee933933cd288d685789ea3bd034b0408b?s=96&d=mm&r=g","contentUrl":"https:\/\/secure.gravatar.com\/avatar\/23b3b4ec115b67a870e21ebdc42d96ee933933cd288d685789ea3bd034b0408b?s=96&d=mm&r=g","caption":"Laura"},"url":"https:\/\/climatescience2030.com\/fr\/author\/laura\/"}]}},"_links":{"self":[{"href":"https:\/\/climatescience2030.com\/fr\/wp-json\/wp\/v2\/posts\/3849","targetHints":{"allow":["GET"]}}],"collection":[{"href":"https:\/\/climatescience2030.com\/fr\/wp-json\/wp\/v2\/posts"}],"about":[{"href":"https:\/\/climatescience2030.com\/fr\/wp-json\/wp\/v2\/types\/post"}],"author":[{"embeddable":true,"href":"https:\/\/climatescience2030.com\/fr\/wp-json\/wp\/v2\/users\/3"}],"replies":[{"embeddable":true,"href":"https:\/\/climatescience2030.com\/fr\/wp-json\/wp\/v2\/comments?post=3849"}],"version-history":[{"count":7,"href":"https:\/\/climatescience2030.com\/fr\/wp-json\/wp\/v2\/posts\/3849\/revisions"}],"predecessor-version":[{"id":4199,"href":"https:\/\/climatescience2030.com\/fr\/wp-json\/wp\/v2\/posts\/3849\/revisions\/4199"}],"wp:featuredmedia":[{"embeddable":true,"href":"https:\/\/climatescience2030.com\/fr\/wp-json\/wp\/v2\/media\/2944"}],"wp:attachment":[{"href":"https:\/\/climatescience2030.com\/fr\/wp-json\/wp\/v2\/media?parent=3849"}],"wp:term":[{"taxonomy":"category","embeddable":true,"href":"https:\/\/climatescience2030.com\/fr\/wp-json\/wp\/v2\/categories?post=3849"},{"taxonomy":"post_tag","embeddable":true,"href":"https:\/\/climatescience2030.com\/fr\/wp-json\/wp\/v2\/tags?post=3849"}],"curies":[{"name":"wp","href":"https:\/\/api.w.org\/{rel}","templated":true}]}}